{"id":11672,"date":"2021-12-16T12:22:00","date_gmt":"2021-12-16T18:22:00","guid":{"rendered":"https:\/\/hospitalcmq.com\/?p=11672"},"modified":"2022-01-10T13:15:33","modified_gmt":"2022-01-10T19:15:33","slug":"variante-omicron","status":"publish","type":"post","link":"https:\/\/hospitalcmq.com\/es\/blog\/variante-omicron\/","title":{"rendered":"Variante Omicron: la nueva variante del coronavirus que se expande por el mundo"},"content":{"rendered":"<div class=\"wpb-content-wrapper\"><p>[vc_row][vc_column][vc_column_text]<\/p>\n<h2>El riesgo que representa la variante Omicron es muy alto: OMS<\/h2>\n<p>[\/vc_column_text][vc_empty_space][vc_raw_html]JTNDZGl2JTIwY2xhc3MlM0QlMjJwcm9ncmVzcyUyMHNoYWRvdy14bCUyMGZsZXglMjByb3VuZGVkLWxnJTIwb3ZlcmZsb3ctaGlkZGVuJTIyJTIwc3R5bGUlM0QlMjJoZWlnaHQlM0ElMjAzMHB4JTNCJTIyJTNFJTBBJTIwJTIwJTIwJTIwJTNDZGl2JTIwY2xhc3MlM0QlMjJwcm9ncmVzcy1iYXIlMjBwcm9ncmVzcy1iYXItc3RyaXBlZCUyMHByb2dyZXNzLWJhci1hbmltYXRlZCUyMGZsZXglMjBiZy1kYW5nZXIlMjIlMjByb2xlJTNEJTIycHJvZ3Jlc3NiYXIlMjIlMjBzdHlsZSUzRCUyMndpZHRoJTNBJTIwMTAwJTI1JTNCJTIyJTNFJTNDc3BhbiUwQSUyMCUyMCUyMCUyMCUyMCUyMCUyMCUyMCUyMCUyMCUyMCUyMHN0eWxlJTNEJTIyZm9udC1zaXplJTNBJTIwMXJlbSUzQiUyMiUzRSUzQ3N0cm9uZyUzRUxJVkUlMjBCTE9HJTNBJTIwJTNDJTJGc3Ryb25nJTNFJUMzJTlBbHRpbWElMjBhY3R1YWxpemFjaSVDMyVCM24lMjAxMCUyMGRlJTIwZW5lcm8lMjAyMDIyJTBBJTNDJTJGc3BhbiUzRSUzQyUyRmRpdiUzRSUwQSUzQyUyRmRpdiUzRQ==[\/vc_raw_html][vc_empty_space][vc_column_text]<\/p>\n<h2>\u00daltimas noticias de la variante Omicron<\/h2>\n<p>[\/vc_column_text][vc_column_text]<\/p>\n<ul>\n<li>N\u00famero de casos activos de Omicron en M\u00e9xico: 652 casos.<\/li>\n<li>S\u00edntomas de la variante Omicron: dolor de garganta, cansancio extremo, ronquera, y\/o dolor de cabeza.<\/li>\n<li>Omicron, la nueva variante de Covid-19, es la variante de coronavirus m\u00e1s activa en Estados Unidos.<\/li>\n<li>Esta nueva variante representa el 73% de todos los nuevos casos en Estados Unidos.<\/li>\n<li>Omicron est\u00e1 presente en 48 estados de Estados Unidos, y pronto lo estar\u00e1 en los 50 estados.<\/li>\n<li>Casos activos de Omicron en Estados Unidos: 74,871 casos.<\/li>\n<\/ul>\n<p>[\/vc_column_text][vc_empty_space][vc_column_text]<span style=\"font-weight: 400;\">Despu\u00e9s de casi dos a\u00f1os de pandemia por coronavirus, se podr\u00eda decir que lo peor ya ha pasado. Sin embargo, hay mucho que a\u00fan se desconoce. El pasado noviembre, autoridades sudafricanas anunciaron el descubrimiento de una nueva variante de <a href=\"https:\/\/hospitalcmq.com\/es\/blog\/consejos-sobre-el-coronavirus\/\" target=\"_blank\" rel=\"noopener\">Covid-19<\/a>: la <\/span><b><i>variante Omicron<\/i><\/b><span style=\"font-weight: 400;\">. Una variante que contiene una cantidad inusualmente alta de mutaciones. Debido a esto, el mundo se ha movilizado para implementar nuevas medidas de precauci\u00f3n y restricciones de viaje. Esta nueva forma de actuar y responder proviene de la experiencia que nos han dejado etapas pasadas de esta pandemia.<\/span><\/p>\n<p><span style=\"font-weight: 400;\">La nueva <\/span><b><i>variante Omicron<\/i><\/b><span style=\"font-weight: 400;\"> detectada en Sud\u00e1frica, fue reportada a la <a href=\"https:\/\/www.who.int\/es\" target=\"_blank\" rel=\"noopener\">Organizaci\u00f3n Mundial de la Salud<\/a> el 18 de noviembre de 2021. No obstante, no tard\u00f3 mucho tiempo para que dicho organismo internacional declarara a la variante B.1.1.529 u Omicron, como una <\/span><i><span style=\"font-weight: 400;\">variante de preocupaci\u00f3n<\/span><\/i><span style=\"font-weight: 400;\">.<\/span>[\/vc_column_text][\/vc_column][\/vc_row][vc_row][vc_column][vc_column_text el_class=\u00bbpost-block_style_4&#8243;]<\/p>\n<p style=\"text-align: center;\"><i><span style=\"font-weight: 400;\">La OMS se\u00f1al\u00f3 que la nueva variante Omicron, muestra una gran cantidad de mutaciones gen\u00e9ticas que pueden facilitar su r\u00e1pida propagaci\u00f3n, incluso entre las personas vacunadas.<\/span><\/i><\/p>\n<p>[\/vc_column_text][vc_separator el_class=\u00bbline\u00bb][\/vc_column][\/vc_row][vc_row][vc_column][vc_column_text]<span style=\"font-weight: 400;\">De acuerdo a informaci\u00f3n reciente por la OMS, la <\/span><b><i>variante Omicron<\/i><\/b><span style=\"font-weight: 400;\"> parece mostrar un gran n\u00famero de mutaciones. Por dicha raz\u00f3n, su porcentaje de transmisibilidad\u00a0 es mayor y el riesgo de reinfecci\u00f3n es a\u00fan m\u00e1s alto que otras variantes, por ejemplo la variante Delta. Sin embargo, cient\u00edficos advierten que es necesario contar con m\u00e1s detalles y estudios para llegar a una conclusi\u00f3n definitiva. Asimismo, al ser Omicron una <\/span><i><span style=\"font-weight: 400;\">variante de preocupaci\u00f3n<\/span><\/i><span style=\"font-weight: 400;\">, la OMS detalla que puede propagarse con rapidez. Esta variante tambi\u00e9n puede causar da\u00f1os importantes en la salud, y hasta puede llegar a reducir la efectividad de las <a href=\"https:\/\/hospitalcmq.com\/es\/blog\/vacuna-contra-el-coronavirus\/\" target=\"_blank\" rel=\"noopener\">vacunas Covid<\/a> o tratamientos administrados para dicha enfermedad.<\/span>[\/vc_column_text][\/vc_column][\/vc_row][vc_row][vc_column][vc_single_image image=\u00bb11678&#8243; img_size=\u00bblarge\u00bb][\/vc_column][\/vc_row][vc_row][vc_column][vc_column_text]<\/p>\n<h2>La nueva variante Omicron lleg\u00f3 al continente Americano<\/h2>\n<p>[\/vc_column_text][vc_column_text]<\/p>\n<h3>Canad\u00e1, Estados Unidos y Brasil confirman primeros casos de la nueva variante Covid-19 Omicron<\/h3>\n<p>[\/vc_column_text][vc_column_text]<span style=\"font-weight: 400;\">Dos brasile\u00f1os, una mujer de 37 a\u00f1os y un hombre de 41 a\u00f1os, dieron positivo a la <\/span><b><i>variante Omicron<\/i><\/b><span style=\"font-weight: 400;\"> despu\u00e9s de realizar un viaje desde Sud\u00e1frica hasta Sao Paulo, Brasil. Igualmente, Estados Unidos detect\u00f3 su primer caso de Omicron. Se trata de un viajero que se trasladaba de Sud\u00e1frica a Estados Unidos el 22 de noviembre, y dio positivo a Omicron el 29 de noviembre. El doctor Anthony Fauci, director del Instituto Nacional de Alergias y Enfermedades Infecciosas NIAID, confirm\u00f3 a los medios de comunicaci\u00f3n que dicha persona ya cuenta con un esquema de vacunaci\u00f3n completo contra Covid-19, pero no ha recibido una dosis de refuerzo.<\/span>[\/vc_column_text][\/vc_column][\/vc_row][vc_row][vc_column][vc_column_text el_class=\u00bbpost-block_style_4&#8243;]<\/p>\n<p style=\"text-align: center;\"><strong><i>\u00bfSab\u00edas que?<\/i><\/strong><\/p>\n<p style=\"text-align: center;\"><i><span style=\"font-weight: 400;\">La variante Omicron se multiplica 70 veces m\u00e1s r\u00e1pido en el tracto respiratorio que la variante Delta. Del mismo modo, es cuatro veces m\u00e1s infecciosa que el virus inicial del Covid-19, y dos veces m\u00e1s infecciosa que la variante Delta.<\/span><\/i><\/p>\n<p>[\/vc_column_text][vc_separator el_class=\u00bbline\u00bb][\/vc_column][\/vc_row][vc_row][vc_column][vc_column_text]<\/p>\n<h2>La variante Omicron ya est\u00e1 en M\u00e9xico, aseguran Autoridades de Salud<\/h2>\n<p>[\/vc_column_text][vc_column_text]<span style=\"font-weight: 400;\">La ma\u00f1ana del viernes 3 de diciembre, la Direcci\u00f3n General de Epidemiolog\u00eda de M\u00e9xico dio a conocer el primer resultado positivo a la <\/span><b><i>variante Omicron<\/i><\/b><span style=\"font-weight: 400;\"> en M\u00e9xico. Se trata de una persona de 51 a\u00f1os de edad, de origen sudafricano que arrib\u00f3 a nuestro pa\u00eds el 21 de noviembre. Seis d\u00edas despu\u00e9s a su llegada, present\u00f3 s\u00edntomas caracter\u00edsticos de Covid-19. Se le realizaron las pruebas de ant\u00edgeno y RT-PCR, ciertamente, ambas pruebas arrojaron resultados positivos.<\/span><\/p>\n<p><span style=\"font-weight: 400;\">No obstante, las muestras recolectadas fueron enviadas al Instituto de Diagn\u00f3stico y Referencia Epidemiol\u00f3gicos InDRE, donde se estudiaron y dieron un resultado positivo a la <\/span><b><i>variante Omicron<\/i><\/b><span style=\"font-weight: 400;\">. El Gobierno de M\u00e9xico asegura que contin\u00faan los trabajos de investigaci\u00f3n en el pa\u00eds para identificar con mayor precisi\u00f3n las caracter\u00edsticas de Omicron.<\/span>[\/vc_column_text][\/vc_column][\/vc_row][vc_row][vc_column][vc_column_text el_class=\u00bbpost-block_style_4&#8243;]<i><span style=\"font-weight: 400;\">En M\u00e9xico se ha identificado la circulaci\u00f3n de las siguientes variantes de preocupaci\u00f3n: alpha, beta, gamma, delta y omicron.<\/span><\/i>[\/vc_column_text][vc_separator el_class=\u00bbline\u00bb][\/vc_column][\/vc_row][vc_row][vc_column][vc_column_text]<\/p>\n<h2>\u00bfCu\u00e1les son los posibles s\u00edntomas de la variante Omicron?<\/h2>\n<p>[\/vc_column_text][vc_column_text]<\/p>\n<h3>No hay evidencia que la variante Omicron sea m\u00e1s virulenta,\u201d dice el subsecretario de Salud Hugo L\u00f3pez-Gatell<\/h3>\n<p>[\/vc_column_text][vc_column_text]<span style=\"font-weight: 400;\">La doctora Angelique Coetzee, presidenta de la Asociaci\u00f3n M\u00e9dica de Sud\u00e1frica, dijo en un comunicado de prensa que hasta este momento, los pacientes contagiados con la nueva variante del coronavirus han presentado s\u00edntomas muy leves como: dolor de cabeza, picaz\u00f3n en la garganta, cansancio y dolor de cuerpo. Cabe destacar, que la Dra. Coetzee fue quien alert\u00f3 a las autoridades de salubridad sudafricanas de la posible existencia de una nueva variante de Covid-19.<\/span><\/p>\n<p><span style=\"font-weight: 400;\">Por otra parte, el subsecretario de Prevenci\u00f3n y Promoci\u00f3n de la Salud, Hugo L\u00f3pez-Gatell, asegur\u00f3 que la nueva variante de Covid-19, Omicron, no ha demostrado ser ni m\u00e1s virulenta, ni m\u00e1s transmisible, ni tampoco se ha identificado que cause enfermedad m\u00e1s grave. <\/span>[\/vc_column_text][\/vc_column][\/vc_row][vc_row][vc_column][vc_column_text el_class=\u00bbpost-block_style_4&#8243;]<i><span style=\"font-weight: 400;\">\u201cPor s\u00ed misma, la variante \u00d3micron no ha demostrado ser ni m\u00e1s virulenta ni necesariamente m\u00e1s transmisible, no puede causar de momento, no se ha identificado que cause enfermedad m\u00e1s grave. La efectividad de las vacunas sigue siendo vigente, no escapa a la respuesta inmune ni postinfecciosa ni postvacunal; los tratamientos convencionales siguen siendo \u00fatiles\u201d, dijo.<\/span><\/i>[\/vc_column_text][vc_separator el_class=\u00bbline\u00bb][\/vc_column][\/vc_row][vc_row][vc_column][vc_column_text]<span style=\"font-weight: 400;\">En consecuencia, dichos comentarios alarmaron a la sociedad mexicana, ya que, d\u00edas antes de esta conferencia, la Organizaci\u00f3n Mundial de la Salud inform\u00f3 que la nueva <\/span><b><i>variante Omicron<\/i><\/b><span style=\"font-weight: 400;\"> presenta un riesgo muy elevado para el mundo.<\/span>[\/vc_column_text][\/vc_column][\/vc_row][vc_row][vc_column][vc_column_text]<\/p>\n<h2>Preguntas frecuentes sobre Omicron Covid<\/h2>\n<p>[\/vc_column_text][vc_tta_accordion active_section=\u00bb1&#8243; el_class=\u00bbformat-accordion\u00bb][vc_tta_section title=\u00bb\u00bfQu\u00e9 es Omicron?\u00bb][vc_column_text]<span style=\"font-weight: 400;\">Omicron es la nueva variante del SARS-CoV-2. Tambi\u00e9n, fue identificada cient\u00edficamente como B.1.1.529 y fue nombrada como Omicron por la Organizaci\u00f3n Mundial de la Salud. Adem\u00e1s, se convirti\u00f3 en una variante preocupante desde que se identific\u00f3 por primera vez en Sud\u00e1frica el pasado noviembre.<\/span>[\/vc_column_text][\/vc_tta_section][vc_tta_section title=\u00bb\u00bfCu\u00e1les son los s\u00edntomas de la nueva variante de covid?\u00bb][vc_column_text]<span style=\"font-weight: 400;\">La Dra. Angelique Coetzee, presidenta de la Asociaci\u00f3n M\u00e9dica de Sud\u00e1frica y quien alert\u00f3 a las autoridades sobre la nueva variante Omicron, ha mencionado que los pacientes contagiados con la nueva variante del coronavirus, han presentado s\u00edntomas muy leves. Entre estos s\u00edntomas se encuentran: cansancio, dolor de cabeza, picaz\u00f3n en la garganta y dolor de cuerpo. Mientras tanto, s\u00edntomas como dolor de garganta, tos, p\u00e9rdida de gusto u olfato, no se han detectado en esta variante hasta el momento.<\/span>[\/vc_column_text][\/vc_tta_section][vc_tta_section title=\u00bb\u00bfC\u00f3mo se compara Omicron con otras variantes?\u00bb][vc_column_text]<span style=\"font-weight: 400;\">La Organizaci\u00f3n Mundial de la Salud ha definido a la variante Omicron como variante de preocupaci\u00f3n, lo cual la posiciona en el listado de SARS-CoV-2 donde se encuentran las siguientes variantes:<\/span><\/p>\n<ul>\n<li style=\"font-weight: 400;\" aria-level=\"1\"><span style=\"font-weight: 400;\">Alpha<\/span><\/li>\n<li style=\"font-weight: 400;\" aria-level=\"1\"><span style=\"font-weight: 400;\">Beta<\/span><\/li>\n<li style=\"font-weight: 400;\" aria-level=\"1\"><span style=\"font-weight: 400;\">Gamma<\/span><\/li>\n<li style=\"font-weight: 400;\" aria-level=\"1\"><span style=\"font-weight: 400;\">Delta<\/span><\/li>\n<\/ul>\n<p><span style=\"font-weight: 400;\">Estas variantes se han distinguido por sus numerosas mutaciones que provocan una alta tasa de transmisi\u00f3n, son m\u00e1s virulentas y\/o disminuyen la eficacia de las medidas de protecci\u00f3n y\/o de las vacunas. A\u00fan as\u00ed, cabe destacar que cient\u00edficos han descubierto que Omicron tiene m\u00e1s de 50 mutaciones, m\u00e1s que la variante Delta que hoy domina el porcentaje de casos Covid-19.<\/span>[\/vc_column_text][\/vc_tta_section][vc_tta_section title=\u00bb\u00bfEs Omicron m\u00e1s mortal que otras variantes de coronavirus?\u00bb][vc_column_text]<span style=\"font-weight: 400;\">De acuerdo a nuevas investigaciones, organismos internacionales de salud aseguraron que Omicron tiene un \u00edndice de contagio <\/span><i><span style=\"font-weight: 400;\">muy alto<\/span><\/i><span style=\"font-weight: 400;\"> debido al n\u00famero de mutaciones que presenta. Por ello, la probabilidad de que esta nueva variante de Covid-19 se siga propagando a nivel mundial es altamente probable. Sin embargo, aunque la Dra. Angelique Coetzee ratific\u00f3 en varias ocasiones que los s\u00edntomas que se presentan en la variante son extremadamente leves, ya se han confirmado los primeros casos de hospitalizaci\u00f3n por Omicron en el mundo.<\/span>[\/vc_column_text][\/vc_tta_section][vc_tta_section title=\u00bb\u00bfLas vacunas funcionan contra la variante Omicron?\u00bb][vc_column_text]<span style=\"font-weight: 400;\">Por el momento, la Organizaci\u00f3n Mundial de la Salud afirma que no hay motivos para creer que la variante Omicron sea inmune a las vacunas existentes. De manera similar, comenta que es posible que ofrezcan menor protecci\u00f3n en un grado que a\u00fan se desconoce. Asimismo, fabricantes de vacunas como Pfizer y Moderna han expresado que han comenzado a laborar para modificar sus f\u00f3rmulas existentes para que sus vacunas sean m\u00e1s eficaces contra esta y futuras variantes.<\/span>[\/vc_column_text][\/vc_tta_section][vc_tta_section title=\u00bb\u00bfQu\u00e9 pa\u00edses ya tienen casos de la nueva cepa Covid Omicron?\u00bb][vc_column_text]<span style=\"font-weight: 400;\">Desde su identificaci\u00f3n, el pasado 26 de noviembre, un n\u00famero creciente de pa\u00edses han reportado casos de Omicron. Asimismo, de acuerdo a registros de la Organizaci\u00f3n Mundial de la Salud, Omicron se ha detectado en 105 pa\u00edses. De los cuales, pa\u00edses como Reino Unido, Estados Unidos y Dinamarca, lideran los registros:\u00a0<\/span><\/p>\n<ul>\n<li style=\"font-weight: 400;\" aria-level=\"1\"><span style=\"font-weight: 400;\">Reino Unido (117,907 casos)<\/span><\/li>\n<li><span style=\"font-weight: 400;\">Estados Unidos (75,279 casos)<\/span><\/li>\n<li aria-level=\"1\">Dinamarca (13,745 casos)<\/li>\n<li aria-level=\"1\">Francia (4,105 casos)<\/li>\n<li aria-level=\"1\">Alemania (3,512 casos)<\/li>\n<li aria-level=\"1\">Canad\u00e1 (2,287 casos)<\/li>\n<li style=\"font-weight: 400;\" aria-level=\"1\"><span style=\"font-weight: 400;\">Sud\u00e1frica (2,223 casos)<\/span><\/li>\n<li style=\"font-weight: 400;\" aria-level=\"1\">Italia (1,818 casos)<\/li>\n<li aria-level=\"1\">Holanda (1,342 casos)<\/li>\n<li aria-level=\"1\">B\u00e9lgica (1,305 casos)<\/li>\n<\/ul>\n<p>En M\u00e9xico contamos con 652 casos activos por Omicron.<\/p>\n<p><small><i><span style=\"font-weight: 400;\">Fuente: gisaid.org<\/span><\/i><\/small>[\/vc_column_text][\/vc_tta_section][vc_tta_section title=\u00bb\u00bfC\u00f3mo protegerse ante Omicron?\u00bb][vc_column_text]<span style=\"font-weight: 400;\">Las mismas medidas que protegen contra otras variantes tambi\u00e9n protegen a \u00f3micron, ya que sigue siendo Covid-19, un virus respiratorio. El uso de cubrebocas, el distanciamiento social, y una buena ventilaci\u00f3n en espacios cerrados reducir\u00e1n la probabilidad de propagaci\u00f3n.<\/span>[\/vc_column_text][\/vc_tta_section][\/vc_tta_accordion][\/vc_column][\/vc_row]<\/p>\n<\/div>","protected":false},"excerpt":{"rendered":"<p>La variante Omicron fue reportada en Noviembre de 2021 por la Organizaci\u00f3n Mundial de la Salud. Se trata de una variante de preocupaci\u00f3n que fue notificada por primera vez en Sud\u00e1frica. Desde entonces, la transmisi\u00f3n de dicho virus se ha intensificado por todo el mundo.<\/p>\n","protected":false},"author":2,"featured_media":11678,"comment_status":"closed","ping_status":"closed","sticky":false,"template":"","format":"standard","meta":{"footnotes":""},"categories":[255],"tags":[],"class_list":["post-11672","post","type-post","status-publish","format-standard","has-post-thumbnail","hentry","category-coronavirus"],"acf":[],"yoast_head":"<!-- This site is optimized with the Yoast SEO plugin v27.5 - https:\/\/yoast.com\/product\/yoast-seo-wordpress\/ -->\n<title>Omicron: lo que sabemos hasta ahora de la nueva variante de Covid-19<\/title>\n<meta name=\"description\" content=\"La variante Omicron fue reportada en Noviembre de 2021 por la Organizaci\u00f3n Mundial de la Salud. Se trata de una variante de preocupaci\u00f3n.\" \/>\n<meta name=\"robots\" content=\"index, follow, max-snippet:-1, max-image-preview:large, max-video-preview:-1\" \/>\n<link rel=\"canonical\" href=\"https:\/\/hospitalcmq.com\/es\/blog\/variante-omicron\/\" \/>\n<meta property=\"og:locale\" content=\"es_ES\" \/>\n<meta property=\"og:type\" content=\"article\" \/>\n<meta property=\"og:title\" content=\"Omicron: lo que sabemos hasta ahora de la nueva variante de Covid-19\" \/>\n<meta property=\"og:description\" content=\"La variante Omicron fue reportada en Noviembre de 2021 por la Organizaci\u00f3n Mundial de la Salud. Se trata de una variante de preocupaci\u00f3n.\" \/>\n<meta property=\"og:url\" content=\"https:\/\/hospitalcmq.com\/es\/blog\/variante-omicron\/\" \/>\n<meta property=\"og:site_name\" content=\"Hospital CMQ\" \/>\n<meta property=\"article:publisher\" content=\"https:\/\/www.facebook.com\/HospitalCMQ\" \/>\n<meta property=\"article:published_time\" content=\"2021-12-16T18:22:00+00:00\" \/>\n<meta property=\"article:modified_time\" content=\"2022-01-10T19:15:33+00:00\" \/>\n<meta property=\"og:image\" content=\"https:\/\/hospitalcmq.com\/wp-content\/uploads\/2021\/12\/121992111__121830446_corona_variant_b11529_v2_mundo_2x640-nc-2x-nc.png\" \/>\n\t<meta property=\"og:image:width\" content=\"1280\" \/>\n\t<meta property=\"og:image:height\" content=\"1200\" \/>\n\t<meta property=\"og:image:type\" content=\"image\/png\" \/>\n<meta name=\"author\" content=\"Miguel Naranjo\" \/>\n<meta name=\"twitter:card\" content=\"summary_large_image\" \/>\n<meta name=\"twitter:label1\" content=\"Escrito por\" \/>\n\t<meta name=\"twitter:data1\" content=\"Miguel Naranjo\" \/>\n\t<meta name=\"twitter:label2\" content=\"Tiempo de lectura\" \/>\n\t<meta name=\"twitter:data2\" content=\"7 minutos\" \/>\n<script type=\"application\/ld+json\" class=\"yoast-schema-graph\">{\"@context\":\"https:\\\/\\\/schema.org\",\"@graph\":[{\"@type\":\"Article\",\"@id\":\"https:\\\/\\\/hospitalcmq.com\\\/es\\\/blog\\\/variante-omicron\\\/#article\",\"isPartOf\":{\"@id\":\"https:\\\/\\\/hospitalcmq.com\\\/es\\\/blog\\\/variante-omicron\\\/\"},\"author\":{\"name\":\"Miguel Naranjo\",\"@id\":\"https:\\\/\\\/hospitalcmq.com\\\/es\\\/#\\\/schema\\\/person\\\/4f6dbf3fc4c2b72fec0c498e234f7c38\"},\"headline\":\"Variante Omicron: la nueva variante del coronavirus que se expande por el mundo\",\"datePublished\":\"2021-12-16T18:22:00+00:00\",\"dateModified\":\"2022-01-10T19:15:33+00:00\",\"mainEntityOfPage\":{\"@id\":\"https:\\\/\\\/hospitalcmq.com\\\/es\\\/blog\\\/variante-omicron\\\/\"},\"wordCount\":2031,\"publisher\":{\"@id\":\"https:\\\/\\\/hospitalcmq.com\\\/es\\\/#organization\"},\"image\":{\"@id\":\"https:\\\/\\\/hospitalcmq.com\\\/es\\\/blog\\\/variante-omicron\\\/#primaryimage\"},\"thumbnailUrl\":\"https:\\\/\\\/hospitalcmq.com\\\/wp-content\\\/uploads\\\/2021\\\/12\\\/121992111__121830446_corona_variant_b11529_v2_mundo_2x640-nc-2x-nc.png\",\"articleSection\":[\"Coronavirus\"],\"inLanguage\":\"es\"},{\"@type\":\"WebPage\",\"@id\":\"https:\\\/\\\/hospitalcmq.com\\\/es\\\/blog\\\/variante-omicron\\\/\",\"url\":\"https:\\\/\\\/hospitalcmq.com\\\/es\\\/blog\\\/variante-omicron\\\/\",\"name\":\"Omicron: lo que sabemos hasta ahora de la nueva variante de Covid-19\",\"isPartOf\":{\"@id\":\"https:\\\/\\\/hospitalcmq.com\\\/es\\\/#website\"},\"primaryImageOfPage\":{\"@id\":\"https:\\\/\\\/hospitalcmq.com\\\/es\\\/blog\\\/variante-omicron\\\/#primaryimage\"},\"image\":{\"@id\":\"https:\\\/\\\/hospitalcmq.com\\\/es\\\/blog\\\/variante-omicron\\\/#primaryimage\"},\"thumbnailUrl\":\"https:\\\/\\\/hospitalcmq.com\\\/wp-content\\\/uploads\\\/2021\\\/12\\\/121992111__121830446_corona_variant_b11529_v2_mundo_2x640-nc-2x-nc.png\",\"datePublished\":\"2021-12-16T18:22:00+00:00\",\"dateModified\":\"2022-01-10T19:15:33+00:00\",\"description\":\"La variante Omicron fue reportada en Noviembre de 2021 por la Organizaci\u00f3n Mundial de la Salud. Se trata de una variante de preocupaci\u00f3n.\",\"breadcrumb\":{\"@id\":\"https:\\\/\\\/hospitalcmq.com\\\/es\\\/blog\\\/variante-omicron\\\/#breadcrumb\"},\"inLanguage\":\"es\",\"potentialAction\":[{\"@type\":\"ReadAction\",\"target\":[\"https:\\\/\\\/hospitalcmq.com\\\/es\\\/blog\\\/variante-omicron\\\/\"]}]},{\"@type\":\"ImageObject\",\"inLanguage\":\"es\",\"@id\":\"https:\\\/\\\/hospitalcmq.com\\\/es\\\/blog\\\/variante-omicron\\\/#primaryimage\",\"url\":\"https:\\\/\\\/hospitalcmq.com\\\/wp-content\\\/uploads\\\/2021\\\/12\\\/121992111__121830446_corona_variant_b11529_v2_mundo_2x640-nc-2x-nc.png\",\"contentUrl\":\"https:\\\/\\\/hospitalcmq.com\\\/wp-content\\\/uploads\\\/2021\\\/12\\\/121992111__121830446_corona_variant_b11529_v2_mundo_2x640-nc-2x-nc.png\",\"width\":1280,\"height\":1200,\"caption\":\"Nueva variante de Covid 19\"},{\"@type\":\"BreadcrumbList\",\"@id\":\"https:\\\/\\\/hospitalcmq.com\\\/es\\\/blog\\\/variante-omicron\\\/#breadcrumb\",\"itemListElement\":[{\"@type\":\"ListItem\",\"position\":1,\"name\":\"Home\",\"item\":\"https:\\\/\\\/hospitalcmq.com\\\/es\\\/\"},{\"@type\":\"ListItem\",\"position\":2,\"name\":\"Variante Omicron: la nueva variante del coronavirus que se expande por el mundo\"}]},{\"@type\":\"WebSite\",\"@id\":\"https:\\\/\\\/hospitalcmq.com\\\/es\\\/#website\",\"url\":\"https:\\\/\\\/hospitalcmq.com\\\/es\\\/\",\"name\":\"Hospital CMQ\",\"description\":\"Best Hospitals in Puerto Vallarta &amp; Riviera Nayarit\",\"publisher\":{\"@id\":\"https:\\\/\\\/hospitalcmq.com\\\/es\\\/#organization\"},\"potentialAction\":[{\"@type\":\"SearchAction\",\"target\":{\"@type\":\"EntryPoint\",\"urlTemplate\":\"https:\\\/\\\/hospitalcmq.com\\\/es\\\/?s={search_term_string}\"},\"query-input\":{\"@type\":\"PropertyValueSpecification\",\"valueRequired\":true,\"valueName\":\"search_term_string\"}}],\"inLanguage\":\"es\"},{\"@type\":\"Organization\",\"@id\":\"https:\\\/\\\/hospitalcmq.com\\\/es\\\/#organization\",\"name\":\"Hospital CMQ\",\"url\":\"https:\\\/\\\/hospitalcmq.com\\\/es\\\/\",\"logo\":{\"@type\":\"ImageObject\",\"inLanguage\":\"es\",\"@id\":\"https:\\\/\\\/hospitalcmq.com\\\/es\\\/#\\\/schema\\\/logo\\\/image\\\/\",\"url\":\"https:\\\/\\\/hospitalcmq.com\\\/wp-content\\\/uploads\\\/2018\\\/06\\\/cmq-hospital-logo.png\",\"contentUrl\":\"https:\\\/\\\/hospitalcmq.com\\\/wp-content\\\/uploads\\\/2018\\\/06\\\/cmq-hospital-logo.png\",\"width\":214,\"height\":189,\"caption\":\"Hospital CMQ\"},\"image\":{\"@id\":\"https:\\\/\\\/hospitalcmq.com\\\/es\\\/#\\\/schema\\\/logo\\\/image\\\/\"},\"sameAs\":[\"https:\\\/\\\/www.facebook.com\\\/HospitalCMQ\"]},{\"@type\":\"Person\",\"@id\":\"https:\\\/\\\/hospitalcmq.com\\\/es\\\/#\\\/schema\\\/person\\\/4f6dbf3fc4c2b72fec0c498e234f7c38\",\"name\":\"Miguel Naranjo\"}]}<\/script>\n<!-- \/ Yoast SEO plugin. -->","yoast_head_json":{"title":"Omicron: lo que sabemos hasta ahora de la nueva variante de Covid-19","description":"La variante Omicron fue reportada en Noviembre de 2021 por la Organizaci\u00f3n Mundial de la Salud. Se trata de una variante de preocupaci\u00f3n.","robots":{"index":"index","follow":"follow","max-snippet":"max-snippet:-1","max-image-preview":"max-image-preview:large","max-video-preview":"max-video-preview:-1"},"canonical":"https:\/\/hospitalcmq.com\/es\/blog\/variante-omicron\/","og_locale":"es_ES","og_type":"article","og_title":"Omicron: lo que sabemos hasta ahora de la nueva variante de Covid-19","og_description":"La variante Omicron fue reportada en Noviembre de 2021 por la Organizaci\u00f3n Mundial de la Salud. Se trata de una variante de preocupaci\u00f3n.","og_url":"https:\/\/hospitalcmq.com\/es\/blog\/variante-omicron\/","og_site_name":"Hospital CMQ","article_publisher":"https:\/\/www.facebook.com\/HospitalCMQ","article_published_time":"2021-12-16T18:22:00+00:00","article_modified_time":"2022-01-10T19:15:33+00:00","og_image":[{"width":1280,"height":1200,"url":"https:\/\/hospitalcmq.com\/wp-content\/uploads\/2021\/12\/121992111__121830446_corona_variant_b11529_v2_mundo_2x640-nc-2x-nc.png","type":"image\/png"}],"author":"Miguel Naranjo","twitter_card":"summary_large_image","twitter_misc":{"Escrito por":"Miguel Naranjo","Tiempo de lectura":"7 minutos"},"schema":{"@context":"https:\/\/schema.org","@graph":[{"@type":"Article","@id":"https:\/\/hospitalcmq.com\/es\/blog\/variante-omicron\/#article","isPartOf":{"@id":"https:\/\/hospitalcmq.com\/es\/blog\/variante-omicron\/"},"author":{"name":"Miguel Naranjo","@id":"https:\/\/hospitalcmq.com\/es\/#\/schema\/person\/4f6dbf3fc4c2b72fec0c498e234f7c38"},"headline":"Variante Omicron: la nueva variante del coronavirus que se expande por el mundo","datePublished":"2021-12-16T18:22:00+00:00","dateModified":"2022-01-10T19:15:33+00:00","mainEntityOfPage":{"@id":"https:\/\/hospitalcmq.com\/es\/blog\/variante-omicron\/"},"wordCount":2031,"publisher":{"@id":"https:\/\/hospitalcmq.com\/es\/#organization"},"image":{"@id":"https:\/\/hospitalcmq.com\/es\/blog\/variante-omicron\/#primaryimage"},"thumbnailUrl":"https:\/\/hospitalcmq.com\/wp-content\/uploads\/2021\/12\/121992111__121830446_corona_variant_b11529_v2_mundo_2x640-nc-2x-nc.png","articleSection":["Coronavirus"],"inLanguage":"es"},{"@type":"WebPage","@id":"https:\/\/hospitalcmq.com\/es\/blog\/variante-omicron\/","url":"https:\/\/hospitalcmq.com\/es\/blog\/variante-omicron\/","name":"Omicron: lo que sabemos hasta ahora de la nueva variante de Covid-19","isPartOf":{"@id":"https:\/\/hospitalcmq.com\/es\/#website"},"primaryImageOfPage":{"@id":"https:\/\/hospitalcmq.com\/es\/blog\/variante-omicron\/#primaryimage"},"image":{"@id":"https:\/\/hospitalcmq.com\/es\/blog\/variante-omicron\/#primaryimage"},"thumbnailUrl":"https:\/\/hospitalcmq.com\/wp-content\/uploads\/2021\/12\/121992111__121830446_corona_variant_b11529_v2_mundo_2x640-nc-2x-nc.png","datePublished":"2021-12-16T18:22:00+00:00","dateModified":"2022-01-10T19:15:33+00:00","description":"La variante Omicron fue reportada en Noviembre de 2021 por la Organizaci\u00f3n Mundial de la Salud. Se trata de una variante de preocupaci\u00f3n.","breadcrumb":{"@id":"https:\/\/hospitalcmq.com\/es\/blog\/variante-omicron\/#breadcrumb"},"inLanguage":"es","potentialAction":[{"@type":"ReadAction","target":["https:\/\/hospitalcmq.com\/es\/blog\/variante-omicron\/"]}]},{"@type":"ImageObject","inLanguage":"es","@id":"https:\/\/hospitalcmq.com\/es\/blog\/variante-omicron\/#primaryimage","url":"https:\/\/hospitalcmq.com\/wp-content\/uploads\/2021\/12\/121992111__121830446_corona_variant_b11529_v2_mundo_2x640-nc-2x-nc.png","contentUrl":"https:\/\/hospitalcmq.com\/wp-content\/uploads\/2021\/12\/121992111__121830446_corona_variant_b11529_v2_mundo_2x640-nc-2x-nc.png","width":1280,"height":1200,"caption":"Nueva variante de Covid 19"},{"@type":"BreadcrumbList","@id":"https:\/\/hospitalcmq.com\/es\/blog\/variante-omicron\/#breadcrumb","itemListElement":[{"@type":"ListItem","position":1,"name":"Home","item":"https:\/\/hospitalcmq.com\/es\/"},{"@type":"ListItem","position":2,"name":"Variante Omicron: la nueva variante del coronavirus que se expande por el mundo"}]},{"@type":"WebSite","@id":"https:\/\/hospitalcmq.com\/es\/#website","url":"https:\/\/hospitalcmq.com\/es\/","name":"Hospital CMQ","description":"Best Hospitals in Puerto Vallarta &amp; Riviera Nayarit","publisher":{"@id":"https:\/\/hospitalcmq.com\/es\/#organization"},"potentialAction":[{"@type":"SearchAction","target":{"@type":"EntryPoint","urlTemplate":"https:\/\/hospitalcmq.com\/es\/?s={search_term_string}"},"query-input":{"@type":"PropertyValueSpecification","valueRequired":true,"valueName":"search_term_string"}}],"inLanguage":"es"},{"@type":"Organization","@id":"https:\/\/hospitalcmq.com\/es\/#organization","name":"Hospital CMQ","url":"https:\/\/hospitalcmq.com\/es\/","logo":{"@type":"ImageObject","inLanguage":"es","@id":"https:\/\/hospitalcmq.com\/es\/#\/schema\/logo\/image\/","url":"https:\/\/hospitalcmq.com\/wp-content\/uploads\/2018\/06\/cmq-hospital-logo.png","contentUrl":"https:\/\/hospitalcmq.com\/wp-content\/uploads\/2018\/06\/cmq-hospital-logo.png","width":214,"height":189,"caption":"Hospital CMQ"},"image":{"@id":"https:\/\/hospitalcmq.com\/es\/#\/schema\/logo\/image\/"},"sameAs":["https:\/\/www.facebook.com\/HospitalCMQ"]},{"@type":"Person","@id":"https:\/\/hospitalcmq.com\/es\/#\/schema\/person\/4f6dbf3fc4c2b72fec0c498e234f7c38","name":"Miguel Naranjo"}]}},"_links":{"self":[{"href":"https:\/\/hospitalcmq.com\/es\/wp-json\/wp\/v2\/posts\/11672","targetHints":{"allow":["GET"]}}],"collection":[{"href":"https:\/\/hospitalcmq.com\/es\/wp-json\/wp\/v2\/posts"}],"about":[{"href":"https:\/\/hospitalcmq.com\/es\/wp-json\/wp\/v2\/types\/post"}],"author":[{"embeddable":true,"href":"https:\/\/hospitalcmq.com\/es\/wp-json\/wp\/v2\/users\/2"}],"replies":[{"embeddable":true,"href":"https:\/\/hospitalcmq.com\/es\/wp-json\/wp\/v2\/comments?post=11672"}],"version-history":[{"count":0,"href":"https:\/\/hospitalcmq.com\/es\/wp-json\/wp\/v2\/posts\/11672\/revisions"}],"wp:featuredmedia":[{"embeddable":true,"href":"https:\/\/hospitalcmq.com\/es\/wp-json\/wp\/v2\/media\/11678"}],"wp:attachment":[{"href":"https:\/\/hospitalcmq.com\/es\/wp-json\/wp\/v2\/media?parent=11672"}],"wp:term":[{"taxonomy":"category","embeddable":true,"href":"https:\/\/hospitalcmq.com\/es\/wp-json\/wp\/v2\/categories?post=11672"},{"taxonomy":"post_tag","embeddable":true,"href":"https:\/\/hospitalcmq.com\/es\/wp-json\/wp\/v2\/tags?post=11672"}],"curies":[{"name":"wp","href":"https:\/\/api.w.org\/{rel}","templated":true}]}}